{"id":8567,"date":"2021-04-15T16:56:01","date_gmt":"2021-04-15T21:56:01","guid":{"rendered":"https:\/\/niixer.com\/?p=8567"},"modified":"2021-05-21T22:11:42","modified_gmt":"2021-05-22T03:11:42","slug":"panotour-pro-y-su-galeria-de-fotos","status":"publish","type":"post","link":"https:\/\/niixer.com\/index.php\/2021\/04\/15\/panotour-pro-y-su-galeria-de-fotos\/","title":{"rendered":"Panotour Pro y su galer\u00eda de fotos"},"content":{"rendered":"\n<h2 class=\"wp-block-heading\"><strong><a href=\"https:\/\/niixer.com\/index.php\/2021\/03\/15\/que-es-panotour-pro\/\">\u00bfQu\u00e9 es Panotour Pro?<\/a><\/strong><\/h2>\n\n\n\n<p>Es un software creado por la empresa Kolor en el que a partir de fotograf\u00edas panor\u00e1micas o fotograf\u00edas 360 grados se pueden realizar recorridos virtuales. <\/p>\n\n\n\n<p>Esta herramienta es de f\u00e1cil uso y muy completa, donde se puede usar una configuraci\u00f3n ya establecida o empezar desde ceros a crear tu recorrido, tambi\u00e9n cuenta con distintos complementos como lo son su galer\u00eda de fotos.<\/p>\n\n\n\n<h3 class=\"wp-block-heading\"><strong>\u00bfC\u00f3mo se agrega una galer\u00eda de fotos en Panotour Pro?<\/strong><\/h3>\n\n\n\n<p>Para agregar una galer\u00eda a tu recorrido virtual de Panotour solo se deben seguir unos pasos, los cuales son:<\/p>\n\n\n\n<ul class=\"wp-block-list\" type=\"1\"><li>En la pesta\u00f1a de estilo aparecer\u00e1n dos barras:<ul><li>Al lado izquierdo donde se puede ver el espacio de trabajo donde estar\u00e1n todos los complementos que hemos agregado a nuestro recorrido y el estilo de marcadores.<\/li><li>Al lado derecho encontramos toda la biblioteca de complementos y la biblioteca de complementos y en el centro aparecer\u00e1n todas las propiedades del complemento seleccionado.<br>En la biblioteca de complementos hay varias pesta\u00f1as, una de ellas es la de galer\u00eda donde encontramos los distintos tipos de galer\u00eda que podemos poner en nuestra interfaz del recorrido, escogemos y le damos clic a la que deseamos y si observamos la barra del lado izquierdo notara que queda como un elemento de la interfaz y si se desea se le puede cambiar la etiqueta.<\/li><\/ul><\/li><\/ul>\n\n\n\n<figure class=\"wp-block-image size-large\"><img loading=\"lazy\" decoding=\"async\" width=\"1024\" height=\"544\" src=\"https:\/\/niixer.com\/wp-content\/uploads\/2021\/04\/Pestana-de-estilo-2-1024x544.png\" alt=\"Imagen 1. Vista de la pesta\u00f1a de Estilo de Panotour Pro.\" class=\"wp-image-8631\" srcset=\"https:\/\/niixer.com\/wp-content\/uploads\/2021\/04\/Pestana-de-estilo-2-1024x544.png 1024w, https:\/\/niixer.com\/wp-content\/uploads\/2021\/04\/Pestana-de-estilo-2-300x159.png 300w, https:\/\/niixer.com\/wp-content\/uploads\/2021\/04\/Pestana-de-estilo-2-768x408.png 768w, https:\/\/niixer.com\/wp-content\/uploads\/2021\/04\/Pestana-de-estilo-2.png 1366w\" sizes=\"auto, (max-width: 1024px) 100vw, 1024px\" \/><\/figure>\n\n\n\n<ul class=\"wp-block-list\" type=\"1\"><li>Configuramos el complemento de la galer\u00eda con las propiedades que desees, como lo son:<ul><li>La posici\u00f3n si desea ponerla al lado derecho o izquierdo, arriba o abajo e incluso en alguna de las 4 esquinas.<\/li><li>El color de fondo si lo desea color solido o transparente y que sea en tonos claros o tonos fuertes.<\/li><li>El tama\u00f1o de las miniaturas como la altura y el ancho y la margen.<\/li><\/ul><\/li><li>Ah\u00ed mismo en la parte final encontramos donde podemos agregar las fotograf\u00edas, es recomendable que estas est\u00e9n optimizadas, con la libertad de agregar las fotograf\u00edas que desee.<\/li><\/ul>\n\n\n\n<figure class=\"wp-block-image size-large\"><img loading=\"lazy\" decoding=\"async\" width=\"1024\" height=\"544\" src=\"https:\/\/niixer.com\/wp-content\/uploads\/2021\/04\/Barra-de-anadir-fotos-1024x544.png\" alt=\"Imagen 2. Opci\u00f3n 1 de una de las galer\u00edas de fotos para agregar las fotograf\u00edas.\" class=\"wp-image-8632\" srcset=\"https:\/\/niixer.com\/wp-content\/uploads\/2021\/04\/Barra-de-anadir-fotos-1024x544.png 1024w, https:\/\/niixer.com\/wp-content\/uploads\/2021\/04\/Barra-de-anadir-fotos-300x159.png 300w, https:\/\/niixer.com\/wp-content\/uploads\/2021\/04\/Barra-de-anadir-fotos-768x408.png 768w, https:\/\/niixer.com\/wp-content\/uploads\/2021\/04\/Barra-de-anadir-fotos.png 1366w\" sizes=\"auto, (max-width: 1024px) 100vw, 1024px\" \/><\/figure>\n\n\n\n<p>Adem\u00e1s, que dependiendo del tipo de galer\u00eda que escoja a las fotograf\u00edas se les puede poner nombre y descripci\u00f3n si as\u00ed se desea.<\/p>\n\n\n\n<figure class=\"wp-block-image size-large\"><img loading=\"lazy\" decoding=\"async\" width=\"1024\" height=\"543\" src=\"https:\/\/niixer.com\/wp-content\/uploads\/2021\/04\/Opcion-2-1024x543.png\" alt=\"Imagen 3. Opci\u00f3n 2 de una de las galer\u00edas de fotos para agregar las fotograf\u00edas.\" class=\"wp-image-8633\" srcset=\"https:\/\/niixer.com\/wp-content\/uploads\/2021\/04\/Opcion-2-1024x543.png 1024w, https:\/\/niixer.com\/wp-content\/uploads\/2021\/04\/Opcion-2-300x159.png 300w, https:\/\/niixer.com\/wp-content\/uploads\/2021\/04\/Opcion-2-768x407.png 768w, https:\/\/niixer.com\/wp-content\/uploads\/2021\/04\/Opcion-2.png 1366w\" sizes=\"auto, (max-width: 1024px) 100vw, 1024px\" \/><\/figure>\n\n\n\n<ul class=\"wp-block-list\"><li>Por ultimo queda crear el recorrido y una vez ya este creado podr\u00e1s visualizarlo y si desea puedes agregar un bot\u00f3n que al pulsarlo se muestre la galer\u00eda. <\/li><\/ul>\n\n\n\n<p>Para ver un ejemplo de c\u00f3mo queda la galer\u00eda entra al siguiente <a href=\"http:\/\/parquemetropolitanozf.epizy.com\/parquemzf\/index.html\">Tour Virtual<\/a>, donde se puede ver al lado derecho la barra de galer\u00eda y al dar clic en cada una de las fotos se amplia. &nbsp;&nbsp;<\/p>\n\n\n\n<p>Autor: Ana Valentina Torres Ord\u00f3\u00f1ez<br>Editor: Carlos Pinz\u00f3n<br>C\u00f3digo: UCRV-8<br>Universidad: Universidad Central<\/p>\n\n\n\n<pre class=\"wp-block-preformatted\"><strong>Fuentes:<\/strong>\n -\u00a0Carvajal, M. (2016). <em>\u00bfC\u00f3mo hacer una galer\u00eda de fotos en Panotour?.<\/em> Kamaradas: Comunidad para aprender Fotograf\u00eda 360. <a href=\"https:\/\/www.kamaradas.com\/t\/como-hacer-una-galeria-de-fotos-en-panotour\/534\/2\">https:\/\/www.kamaradas.com\/t\/como-hacer-una-galeria-de-fotos-en-panotour\/534\/2<\/a> \n -\u00a0Umbarila, C. D. V. (2021). <em>\u00bfQu\u00e9 es Panotour Pro? - Software para recorridos virtuales.<\/em> Portal de noticias de tecnolog\u00eda, Realidad Virtual, Aumentada y Mixta, Videojuegos. <a href=\"https:\/\/niixer.com\/index.php\/2021\/03\/15\/que-es-panotour-pro\/\">https:\/\/niixer.com\/index.php\/2021\/03\/15\/que-es-panotour-pro\/<\/a> \n <strong>\u00a0<\/strong>\n<strong>Im\u00e1genes:<\/strong>\n -\u00a0PanoSociety(2021). <em>Panotour Pro.<\/em> [Fotograf\u00eda]. Kolor Panotour Pro. - PanoSociety. <a href=\"https:\/\/panosociety.com\/es\/products\/kolor-panotour-pro\">https:\/\/panosociety.com\/es\/products\/kolor-panotour-pro<\/a> \n -\u00a0PanoSociety (2021). <em>Pesta\u00f1a de estilo.<\/em> [Fotograf\u00eda]. Kolor Panotour Pro. - PanoSociety. <a href=\"https:\/\/panosociety.com\/es\/products\/kolor-panotour-pro\">https:\/\/panosociety.com\/es\/products\/kolor-panotour-pro<\/a>\n -\u00a0PanoSociety (2021). <em>Barra de a\u00f1adir fotos.<\/em> [Fotograf\u00eda]. Kolor Panotour Pro. - PanoSociety. <a href=\"https:\/\/panosociety.com\/es\/products\/kolor-panotour-pro\">https:\/\/panosociety.com\/es\/products\/kolor-panotour-pro<\/a>\n -\u00a0PanoSociety(2021). <em>Opci\u00f3n 2.<\/em> [Fotograf\u00eda]. Kolor Panotour Pro. - PanoSociety. <a href=\"https:\/\/panosociety.com\/es\/products\/kolor-panotour-pro\">https:\/\/panosociety.com\/es\/products\/kolor-panotour-pro<\/a> <\/pre>\n\n\n\n<p><\/p>\n","protected":false},"excerpt":{"rendered":"<p>\u00bfQu\u00e9 es Panotour Pro? Es un software creado por la empresa Kolor en el que a partir de fotograf\u00edas panor\u00e1micas o fotograf\u00edas 360 grados se pueden realizar recorridos virtuales. Esta herramienta es de f\u00e1cil uso y muy completa, donde se puede usar una configuraci\u00f3n ya establecida o empezar desde cerosSeguir Leyendo<\/p>\n","protected":false},"author":135,"featured_media":8624,"comment_status":"open","ping_status":"open","sticky":false,"template":"","format":"standard","meta":{"colormag_page_container_layout":"default_layout","colormag_page_sidebar_layout":"default_layout","footnotes":""},"categories":[1288],"tags":[1289,1281,392,309,239],"class_list":["post-8567","post","type-post","status-publish","format-standard","has-post-thumbnail","hentry","category-recorridos-virtuales","tag-complementos","tag-galeria-de-fotos","tag-panotour-pro","tag-recorridos-virtuales","tag-software"],"yoast_head":"<!-- This site is optimized with the Yoast SEO plugin v27.4 - https:\/\/yoast.com\/product\/yoast-seo-wordpress\/ -->\n<title>Panotour Pro y su galer\u00eda de fotos &#8211; Recorridos Virtuales<\/title>\n<meta name=\"description\" content=\"Uno de los complementos de Panotour Pro son sus galerias de fotos, donde aqui aprenderemos a como agregarlas a nuestro recorrido virtual\" \/>\n<meta name=\"robots\" content=\"index, follow, max-snippet:-1, max-image-preview:large, max-video-preview:-1\" \/>\n<link rel=\"canonical\" href=\"https:\/\/niixer.com\/index.php\/2021\/04\/15\/panotour-pro-y-su-galeria-de-fotos\/\" \/>\n<meta property=\"og:locale\" content=\"es_ES\" \/>\n<meta property=\"og:type\" content=\"article\" \/>\n<meta property=\"og:title\" content=\"Panotour Pro y su galer\u00eda de fotos &#8211; Recorridos Virtuales\" \/>\n<meta property=\"og:description\" content=\"Uno de los complementos de Panotour Pro son sus galerias de fotos, donde aqui aprenderemos a como agregarlas a nuestro recorrido virtual\" \/>\n<meta property=\"og:url\" content=\"https:\/\/niixer.com\/index.php\/2021\/04\/15\/panotour-pro-y-su-galeria-de-fotos\/\" \/>\n<meta property=\"og:site_name\" content=\"Portal de noticias de tecnolog\u00eda, Realidad Virtual, Aumentada y Mixta, Videojuegos\" \/>\n<meta property=\"article:publisher\" content=\"https:\/\/www.facebook.com\/niixer\/\" \/>\n<meta property=\"article:published_time\" content=\"2021-04-15T21:56:01+00:00\" \/>\n<meta property=\"article:modified_time\" content=\"2021-05-22T03:11:42+00:00\" \/>\n<meta property=\"og:image\" content=\"https:\/\/niixer.com\/wp-content\/uploads\/2021\/04\/Panotour-Pro.png\" \/>\n\t<meta property=\"og:image:width\" content=\"1366\" \/>\n\t<meta property=\"og:image:height\" content=\"726\" \/>\n\t<meta property=\"og:image:type\" content=\"image\/png\" \/>\n<meta name=\"author\" content=\"Ana Valentina Torres Ord\u00f3\u00f1ez\" \/>\n<meta name=\"twitter:card\" content=\"summary_large_image\" \/>\n<meta name=\"twitter:label1\" content=\"Escrito por\" \/>\n\t<meta name=\"twitter:data1\" content=\"Ana Valentina Torres Ord\u00f3\u00f1ez\" \/>\n\t<meta name=\"twitter:label2\" content=\"Tiempo de lectura\" \/>\n\t<meta name=\"twitter:data2\" content=\"3 minutos\" \/>\n<!-- \/ Yoast SEO plugin. -->","yoast_head_json":{"title":"Panotour Pro y su galer\u00eda de fotos &#8211; Recorridos Virtuales","description":"Uno de los complementos de Panotour Pro son sus galerias de fotos, donde aqui aprenderemos a como agregarlas a nuestro recorrido virtual","robots":{"index":"index","follow":"follow","max-snippet":"max-snippet:-1","max-image-preview":"max-image-preview:large","max-video-preview":"max-video-preview:-1"},"canonical":"https:\/\/niixer.com\/index.php\/2021\/04\/15\/panotour-pro-y-su-galeria-de-fotos\/","og_locale":"es_ES","og_type":"article","og_title":"Panotour Pro y su galer\u00eda de fotos &#8211; Recorridos Virtuales","og_description":"Uno de los complementos de Panotour Pro son sus galerias de fotos, donde aqui aprenderemos a como agregarlas a nuestro recorrido virtual","og_url":"https:\/\/niixer.com\/index.php\/2021\/04\/15\/panotour-pro-y-su-galeria-de-fotos\/","og_site_name":"Portal de noticias de tecnolog\u00eda, Realidad Virtual, Aumentada y Mixta, Videojuegos","article_publisher":"https:\/\/www.facebook.com\/niixer\/","article_published_time":"2021-04-15T21:56:01+00:00","article_modified_time":"2021-05-22T03:11:42+00:00","og_image":[{"width":1366,"height":726,"url":"https:\/\/niixer.com\/wp-content\/uploads\/2021\/04\/Panotour-Pro.png","type":"image\/png"}],"author":"Ana Valentina Torres Ord\u00f3\u00f1ez","twitter_card":"summary_large_image","twitter_misc":{"Escrito por":"Ana Valentina Torres Ord\u00f3\u00f1ez","Tiempo de lectura":"3 minutos"},"schema":{"@context":"https:\/\/schema.org","@graph":[{"@type":"Article","@id":"https:\/\/niixer.com\/index.php\/2021\/04\/15\/panotour-pro-y-su-galeria-de-fotos\/#article","isPartOf":{"@id":"https:\/\/niixer.com\/index.php\/2021\/04\/15\/panotour-pro-y-su-galeria-de-fotos\/"},"author":{"name":"Ana Valentina Torres Ord\u00f3\u00f1ez","@id":"https:\/\/niixer.com\/#\/schema\/person\/3e0c946ca95a6db8a3ee9f8d99a3d55c"},"headline":"Panotour Pro y su galer\u00eda de fotos","datePublished":"2021-04-15T21:56:01+00:00","dateModified":"2021-05-22T03:11:42+00:00","mainEntityOfPage":{"@id":"https:\/\/niixer.com\/index.php\/2021\/04\/15\/panotour-pro-y-su-galeria-de-fotos\/"},"wordCount":460,"commentCount":0,"publisher":{"@id":"https:\/\/niixer.com\/#organization"},"image":{"@id":"https:\/\/niixer.com\/index.php\/2021\/04\/15\/panotour-pro-y-su-galeria-de-fotos\/#primaryimage"},"thumbnailUrl":"https:\/\/niixer.com\/wp-content\/uploads\/2021\/04\/Panotour-Pro.png","keywords":["Complementos","galeria de fotos","panotour pro","Recorridos Virtuales","Software"],"articleSection":["Recorridos Virtuales"],"inLanguage":"es","potentialAction":[{"@type":"CommentAction","name":"Comment","target":["https:\/\/niixer.com\/index.php\/2021\/04\/15\/panotour-pro-y-su-galeria-de-fotos\/#respond"]}]},{"@type":"WebPage","@id":"https:\/\/niixer.com\/index.php\/2021\/04\/15\/panotour-pro-y-su-galeria-de-fotos\/","url":"https:\/\/niixer.com\/index.php\/2021\/04\/15\/panotour-pro-y-su-galeria-de-fotos\/","name":"Panotour Pro y su galer\u00eda de fotos &#8211; Recorridos Virtuales","isPartOf":{"@id":"https:\/\/niixer.com\/#website"},"primaryImageOfPage":{"@id":"https:\/\/niixer.com\/index.php\/2021\/04\/15\/panotour-pro-y-su-galeria-de-fotos\/#primaryimage"},"image":{"@id":"https:\/\/niixer.com\/index.php\/2021\/04\/15\/panotour-pro-y-su-galeria-de-fotos\/#primaryimage"},"thumbnailUrl":"https:\/\/niixer.com\/wp-content\/uploads\/2021\/04\/Panotour-Pro.png","datePublished":"2021-04-15T21:56:01+00:00","dateModified":"2021-05-22T03:11:42+00:00","description":"Uno de los complementos de Panotour Pro son sus galerias de fotos, donde aqui aprenderemos a como agregarlas a nuestro recorrido virtual","breadcrumb":{"@id":"https:\/\/niixer.com\/index.php\/2021\/04\/15\/panotour-pro-y-su-galeria-de-fotos\/#breadcrumb"},"inLanguage":"es","potentialAction":[{"@type":"ReadAction","target":["https:\/\/niixer.com\/index.php\/2021\/04\/15\/panotour-pro-y-su-galeria-de-fotos\/"]}]},{"@type":"ImageObject","inLanguage":"es","@id":"https:\/\/niixer.com\/index.php\/2021\/04\/15\/panotour-pro-y-su-galeria-de-fotos\/#primaryimage","url":"https:\/\/niixer.com\/wp-content\/uploads\/2021\/04\/Panotour-Pro.png","contentUrl":"https:\/\/niixer.com\/wp-content\/uploads\/2021\/04\/Panotour-Pro.png","width":1366,"height":726},{"@type":"BreadcrumbList","@id":"https:\/\/niixer.com\/index.php\/2021\/04\/15\/panotour-pro-y-su-galeria-de-fotos\/#breadcrumb","itemListElement":[{"@type":"ListItem","position":1,"name":"Portada","item":"https:\/\/niixer.com\/"},{"@type":"ListItem","position":2,"name":"Panotour Pro y su galer\u00eda de fotos"}]},{"@type":"WebSite","@id":"https:\/\/niixer.com\/#website","url":"https:\/\/niixer.com\/","name":"Portal de noticias de tecnolog\u00eda, ciencia, Android, iOS, Realidad Virtual, Aumentada y Mixta, Videojuegos, computadores, todo lo mas reciente en tecnolog\u00eda","description":"Portal de noticias de tecnolog\u00eda","publisher":{"@id":"https:\/\/niixer.com\/#organization"},"alternateName":"Niixer","potentialAction":[{"@type":"SearchAction","target":{"@type":"EntryPoint","urlTemplate":"https:\/\/niixer.com\/?s={search_term_string}"},"query-input":{"@type":"PropertyValueSpecification","valueRequired":true,"valueName":"search_term_string"}}],"inLanguage":"es"},{"@type":"Organization","@id":"https:\/\/niixer.com\/#organization","name":"Niixer","alternateName":"Niixer.com","url":"https:\/\/niixer.com\/","logo":{"@type":"ImageObject","inLanguage":"es","@id":"https:\/\/niixer.com\/#\/schema\/logo\/image\/","url":"https:\/\/niixer.com\/wp-content\/uploads\/2022\/08\/logo-niixer-sin-fondo-1.png","contentUrl":"https:\/\/niixer.com\/wp-content\/uploads\/2022\/08\/logo-niixer-sin-fondo-1.png","width":140,"height":140,"caption":"Niixer"},"image":{"@id":"https:\/\/niixer.com\/#\/schema\/logo\/image\/"},"sameAs":["https:\/\/www.facebook.com\/niixer\/","https:\/\/www.instagram.com\/niixer.tecnologia\/"]},{"@type":"Person","@id":"https:\/\/niixer.com\/#\/schema\/person\/3e0c946ca95a6db8a3ee9f8d99a3d55c","name":"Ana Valentina Torres Ord\u00f3\u00f1ez","image":{"@type":"ImageObject","inLanguage":"es","@id":"https:\/\/secure.gravatar.com\/avatar\/075bf3cda78b6b99dd4bffefafcf2e2954347d3c324ed51e0dcf41e352c5d174?s=96&d=mm&r=g","url":"https:\/\/secure.gravatar.com\/avatar\/075bf3cda78b6b99dd4bffefafcf2e2954347d3c324ed51e0dcf41e352c5d174?s=96&d=mm&r=g","contentUrl":"https:\/\/secure.gravatar.com\/avatar\/075bf3cda78b6b99dd4bffefafcf2e2954347d3c324ed51e0dcf41e352c5d174?s=96&d=mm&r=g","caption":"Ana Valentina Torres Ord\u00f3\u00f1ez"},"sameAs":["http:\/\/www.niixer.com"],"url":"https:\/\/niixer.com\/index.php\/author\/atorreso1\/"}]}},"jetpack_featured_media_url":"https:\/\/niixer.com\/wp-content\/uploads\/2021\/04\/Panotour-Pro.png","_links":{"self":[{"href":"https:\/\/niixer.com\/index.php\/wp-json\/wp\/v2\/posts\/8567","targetHints":{"allow":["GET"]}}],"collection":[{"href":"https:\/\/niixer.com\/index.php\/wp-json\/wp\/v2\/posts"}],"about":[{"href":"https:\/\/niixer.com\/index.php\/wp-json\/wp\/v2\/types\/post"}],"author":[{"embeddable":true,"href":"https:\/\/niixer.com\/index.php\/wp-json\/wp\/v2\/users\/135"}],"replies":[{"embeddable":true,"href":"https:\/\/niixer.com\/index.php\/wp-json\/wp\/v2\/comments?post=8567"}],"version-history":[{"count":7,"href":"https:\/\/niixer.com\/index.php\/wp-json\/wp\/v2\/posts\/8567\/revisions"}],"predecessor-version":[{"id":8732,"href":"https:\/\/niixer.com\/index.php\/wp-json\/wp\/v2\/posts\/8567\/revisions\/8732"}],"wp:featuredmedia":[{"embeddable":true,"href":"https:\/\/niixer.com\/index.php\/wp-json\/wp\/v2\/media\/8624"}],"wp:attachment":[{"href":"https:\/\/niixer.com\/index.php\/wp-json\/wp\/v2\/media?parent=8567"}],"wp:term":[{"taxonomy":"category","embeddable":true,"href":"https:\/\/niixer.com\/index.php\/wp-json\/wp\/v2\/categories?post=8567"},{"taxonomy":"post_tag","embeddable":true,"href":"https:\/\/niixer.com\/index.php\/wp-json\/wp\/v2\/tags?post=8567"}],"curies":[{"name":"wp","href":"https:\/\/api.w.org\/{rel}","templated":true}]}}