{"id":4938,"date":"2020-12-07T16:56:04","date_gmt":"2020-12-07T21:56:04","guid":{"rendered":"https:\/\/niixer.com\/?p=4938"},"modified":"2020-12-07T16:59:26","modified_gmt":"2020-12-07T21:59:26","slug":"oppo-planea-tener-un-celular-con-modulos-de-camara-extraibles","status":"publish","type":"post","link":"https:\/\/niixer.com\/index.php\/2020\/12\/07\/oppo-planea-tener-un-celular-con-modulos-de-camara-extraibles\/","title":{"rendered":"Oppo planea tener un celular con m\u00f3dulos de c\u00e1mara extra\u00edbles"},"content":{"rendered":"\n<p>Esto no es cualquier casualidad, o una locura impensada en alg\u00fan momento, de por s\u00ed ha sido una idea que se ha planteado en los \u00faltimos meses en el mercado de los smartphones, solo que no ha sido viable hasta el momento, o eso cre\u00eda; porque la firma China de telecomunicaciones Oppo, ha hecho oficial su intenci\u00f3n de tener m\u00f3viles con c\u00e1maras extra\u00edbles.<\/p>\n\n\n\n<h3 class=\"wp-block-heading\"><strong>La raz\u00f3n de esta idea de Oppo<\/strong><\/h3>\n\n\n\n<p>Se pensaba en un principio que el enfoque de la firma china seria presentar diversos tipos de formato para su pantalla, pero si lo analizamos de alguna manera coherente, podemos llegar a la conclusi\u00f3n de que este apartado ya est\u00e1 lo suficientemente ocupado por aquellas marcas que compiten en el sector de la gama alta; con lo cual es entendible que busquen enfocar todas sus fuerzas en un apartado, que de ser realidad, ser\u00eda un avance importante no solo en el mundo de los smartphones, sino tambi\u00e9n en el tecnol\u00f3gico en general.<\/p>\n\n\n\n<h3 class=\"wp-block-heading\"><strong>\u00bfDe d\u00f3nde sali\u00f3 la idea de las c\u00e1maras extra\u00edbles?<\/strong><\/h3>\n\n\n\n<p>Medios especializados han anunciado que dentro de las \u00faltimas patentes registradas en la Oficina Mundial de Propiedad Intelectual (OMPI), aparece que la compa\u00f1\u00eda china ha comenzado a investigar sobre la posibilidad de crear un m\u00f3dulo de c\u00e1mara extra\u00edble, el cual permitir\u00eda desmontar y colocar nuevamente la c\u00e1mara en nuestro celular.<\/p>\n\n\n\n<p>Estos ser\u00edan paneles cambiar\u00edan seg\u00fan lo que se desee, por ejemplo habr\u00eda un panel para tomar una fotograf\u00eda normal o uno para capturar selfie, lo cual har\u00eda, que no se tenga que sacrificar la pantalla con una perforaci\u00f3n para la c\u00e1mara frontal, o la calidad de la foto al limitar el lente a cierta capacidad.<\/p>\n\n\n\n<h3 class=\"wp-block-heading\"><strong>\u00bfC\u00f3mo ser\u00edan las c\u00e1maras extra\u00edbles de Oppo?<\/strong><\/h3>\n\n\n\n<div class=\"wp-block-image\"><figure class=\"aligncenter size-large\"><img loading=\"lazy\" decoding=\"async\" width=\"752\" height=\"267\" src=\"https:\/\/niixer.com\/wp-content\/uploads\/2020\/12\/Captura.jpg\" alt=\"\" class=\"wp-image-4941\" srcset=\"https:\/\/niixer.com\/wp-content\/uploads\/2020\/12\/Captura.jpg 752w, https:\/\/niixer.com\/wp-content\/uploads\/2020\/12\/Captura-300x107.jpg 300w\" sizes=\"auto, (max-width: 752px) 100vw, 752px\" \/><\/figure><\/div>\n\n\n\n<p>Las im\u00e1genes y la descripci\u00f3n de la patente muestran un Smartphone \u201cx\u201d, el cual, en principio, tendr\u00eda un m\u00f3dulo de c\u00e1mara trasera, que se quita del celular, para luego adaptar un panel de selfies a trav\u00e9s de un conector USB Tipo C. la idea es que estos paneles de c\u00e1maras aparte de conectarse al m\u00f3vil, adapten un peque\u00f1o codo el cual permita doblarse, y as\u00ed acomodar el panel en diferentes posici\u00f3n, al menos en dos \u00e1ngulos fijos de 90 grados y 180 grados, brindando m\u00e1s opciones de capturar im\u00e1genes.<\/p>\n\n\n\n<h3 class=\"wp-block-heading\"><strong>\u00bfPodr\u00e1 haber un lanzamiento pronto en un m\u00f3vil de Oppo?<\/strong><\/h3>\n\n\n\n<p>Puede que este anuncio de patente signifique una importante revoluci\u00f3n en los smartphones, pero esto no implica que Oppo vaya a lanzar un m\u00f3vil que cumpla con las caracter\u00edsticas necesarias para adaptar estos paneles, en los pr\u00f3ximos meses o a\u00f1os. Para mucho es muy claro que la compa\u00f1\u00eda China es conocida por abandonar otros proyectos innovadores, un ejemplo de esto puede ser la supuesta c\u00e1mara emergente del Oppo Find X; pero, por otra parte, tambi\u00e9n hay que rescatar la reciente presentaci\u00f3n del concepto de tel\u00e9fono enrollable, siendo un proyecto en el que la marca parece esforzarse, dejando claro que Oppo no se cierra completamente a la implantaci\u00f3n de estas ideas innovadoras y revolucionarias.<\/p>\n\n\n\n<p>Autor:&nbsp;<a href=\"https:\/\/niixer.com\/?s=Andres+Felipe+Avenda%C3%B1o+Junca\">Andr\u00e9s Felipe Avenda\u00f1o Junca<\/a><\/p>\n\n\n\n<p>Editor: Carlos Pinz\u00f3n<\/p>\n\n\n\n<p>C\u00f3digo: UUPS-5<\/p>\n\n\n\n<h3 class=\"wp-block-heading\"><strong>Fuentes<\/strong><\/h3>\n\n\n\n<pre class=\"wp-block-preformatted\">Santamar\u00eda, P. (2020). <em>Oppo cree en el uso de c\u00e1maras extra\u00edbles en los tel\u00e9fonos<\/em>. El OutPut. <a href=\"https:\/\/eloutput.com\/noticias\/moviles\/oppo-modulo-camara-smartphone-extraible\/\" target=\"_blank\" rel=\"noreferrer noopener\">https:\/\/eloutput.com\/noticias\/moviles\/oppo-modulo-camara-smartphone-extraible\/<\/a><\/pre>\n\n\n\n<pre class=\"wp-block-preformatted\">Paredes, L. M. (2020). <em>Oppo explora la idea de un tel\u00e9fono con m\u00f3dulo de c\u00e1mara extra\u00edble<\/em>. Yahoo Finanzas. <a href=\"https:\/\/es.finance.yahoo.com\/news\/oppo-explora-idea-tel%c3%a9fono-m%c3%b3dulo-173444190.html\" target=\"_blank\" rel=\"noreferrer noopener\">https:\/\/es.finance.yahoo.com\/news\/oppo-explora-idea-tel%c3%a9fono-m%c3%b3dulo-173444190.html<\/a><\/pre>\n\n\n\n<pre class=\"wp-block-preformatted\">Malo, E. (2020). <em>Oppo explora la creaci\u00f3n de un smartphone con m\u00f3dulos de c\u00e1mara extra\u00edbles<\/em>. MuyComputer. <a href=\"https:\/\/www.muycomputer.com\/2020\/12\/07\/oppo-patente-modulo-camara-extraible\/\" target=\"_blank\" rel=\"noreferrer noopener\">https:\/\/www.muycomputer.com\/2020\/12\/07\/oppo-patente-modulo-camara-extraible\/<\/a><\/pre>\n\n\n\n<pre class=\"wp-block-preformatted\">Veiga, M. (2020). <em>OPPO resucita las c\u00e1maras modulares con un llamativo dise\u00f1o que tienes que ver<\/em>. Andro4All. <a href=\"https:\/\/andro4all.com\/noticias\/moviles\/oppo-resucita-las-camaras-modulares-con-un-llamativo-diseno-que-tienes-que-ver\" target=\"_blank\" rel=\"noreferrer noopener\">https:\/\/andro4all.com\/noticias\/moviles\/oppo-resucita-las-camaras-modulares-con-un-llamativo-diseno-que-tienes-que-ver<\/a><\/pre>\n\n\n\n<pre class=\"wp-block-preformatted\">Cascone, G. (2020). <em>El pr\u00f3ximo tel\u00e9fono conceptual de OPPO puede tener una c\u00e1mara desmontable <\/em>[Imagen]. GizChina.it. <a href=\"https:\/\/es.gizchina.it\/2020\/12\/oppo-smartphone-fotocamera-rimovibile-brevetto-immagini\/\" target=\"_blank\" rel=\"noreferrer noopener\">https:\/\/es.gizchina.it\/2020\/12\/oppo-smartphone-fotocamera-rimovibile-brevetto-immagini\/<\/a><\/pre>\n","protected":false},"excerpt":{"rendered":"<p>Esto no es cualquier casualidad, o una locura impensada en alg\u00fan momento, de por s\u00ed ha sido una idea que se ha planteado en los \u00faltimos meses en el mercado de los smartphones, solo que no ha sido viable hasta el momento, o eso cre\u00eda; porque la firma China deSeguir Leyendo<\/p>\n","protected":false},"author":72,"featured_media":4939,"comment_status":"open","ping_status":"open","sticky":false,"template":"","format":"standard","meta":{"colormag_page_container_layout":"default_layout","colormag_page_sidebar_layout":"default_layout","footnotes":""},"categories":[94,34],"tags":[129,155,182,851,432,31],"class_list":["post-4938","post","type-post","status-publish","format-standard","has-post-thumbnail","hentry","category-innovacion","category-smartphones","tag-camaras","tag-celular","tag-fotografias","tag-innov","tag-smartphone","tag-tecnologia"],"yoast_head":"<!-- This site is optimized with the Yoast SEO plugin v27.2 - https:\/\/yoast.com\/product\/yoast-seo-wordpress\/ -->\n<title>Oppo planea tener un celular con m\u00f3dulos de c\u00e1mara extra\u00edbles<\/title>\n<meta name=\"description\" content=\"Esto no es cualquier casualidad, o una locura impensada, Oppo y otras marcas han querido tener estas c\u00e1maras extre\u00edbles desde hace mucho.\" \/>\n<meta name=\"robots\" content=\"index, follow, max-snippet:-1, max-image-preview:large, max-video-preview:-1\" \/>\n<link rel=\"canonical\" href=\"https:\/\/niixer.com\/index.php\/2020\/12\/07\/oppo-planea-tener-un-celular-con-modulos-de-camara-extraibles\/\" \/>\n<meta property=\"og:locale\" content=\"es_ES\" \/>\n<meta property=\"og:type\" content=\"article\" \/>\n<meta property=\"og:title\" content=\"Oppo planea tener un celular con m\u00f3dulos de c\u00e1mara extra\u00edbles\" \/>\n<meta property=\"og:description\" content=\"Esto no es cualquier casualidad, o una locura impensada, Oppo y otras marcas han querido tener estas c\u00e1maras extre\u00edbles desde hace mucho.\" \/>\n<meta property=\"og:url\" content=\"https:\/\/niixer.com\/index.php\/2020\/12\/07\/oppo-planea-tener-un-celular-con-modulos-de-camara-extraibles\/\" \/>\n<meta property=\"og:site_name\" content=\"Portal de noticias de tecnolog\u00eda, Realidad Virtual, Aumentada y Mixta, Videojuegos\" \/>\n<meta property=\"article:publisher\" content=\"https:\/\/www.facebook.com\/niixer\/\" \/>\n<meta property=\"article:published_time\" content=\"2020-12-07T21:56:04+00:00\" \/>\n<meta property=\"article:modified_time\" content=\"2020-12-07T21:59:26+00:00\" \/>\n<meta property=\"og:image\" content=\"https:\/\/niixer.com\/wp-content\/uploads\/2020\/12\/209oppocmarasextrables_2_original.jpg\" \/>\n\t<meta property=\"og:image:width\" content=\"800\" \/>\n\t<meta property=\"og:image:height\" content=\"445\" \/>\n\t<meta property=\"og:image:type\" content=\"image\/jpeg\" \/>\n<meta name=\"author\" content=\"Andres Felipe Avenda\u00f1o Junca\" \/>\n<meta name=\"twitter:card\" content=\"summary_large_image\" \/>\n<meta name=\"twitter:label1\" content=\"Escrito por\" \/>\n\t<meta name=\"twitter:data1\" content=\"Andres Felipe Avenda\u00f1o Junca\" \/>\n\t<meta name=\"twitter:label2\" content=\"Tiempo de lectura\" \/>\n\t<meta name=\"twitter:data2\" content=\"3 minutos\" \/>\n<!-- \/ Yoast SEO plugin. -->","yoast_head_json":{"title":"Oppo planea tener un celular con m\u00f3dulos de c\u00e1mara extra\u00edbles","description":"Esto no es cualquier casualidad, o una locura impensada, Oppo y otras marcas han querido tener estas c\u00e1maras extre\u00edbles desde hace mucho.","robots":{"index":"index","follow":"follow","max-snippet":"max-snippet:-1","max-image-preview":"max-image-preview:large","max-video-preview":"max-video-preview:-1"},"canonical":"https:\/\/niixer.com\/index.php\/2020\/12\/07\/oppo-planea-tener-un-celular-con-modulos-de-camara-extraibles\/","og_locale":"es_ES","og_type":"article","og_title":"Oppo planea tener un celular con m\u00f3dulos de c\u00e1mara extra\u00edbles","og_description":"Esto no es cualquier casualidad, o una locura impensada, Oppo y otras marcas han querido tener estas c\u00e1maras extre\u00edbles desde hace mucho.","og_url":"https:\/\/niixer.com\/index.php\/2020\/12\/07\/oppo-planea-tener-un-celular-con-modulos-de-camara-extraibles\/","og_site_name":"Portal de noticias de tecnolog\u00eda, Realidad Virtual, Aumentada y Mixta, Videojuegos","article_publisher":"https:\/\/www.facebook.com\/niixer\/","article_published_time":"2020-12-07T21:56:04+00:00","article_modified_time":"2020-12-07T21:59:26+00:00","og_image":[{"width":800,"height":445,"url":"https:\/\/niixer.com\/wp-content\/uploads\/2020\/12\/209oppocmarasextrables_2_original.jpg","type":"image\/jpeg"}],"author":"Andres Felipe Avenda\u00f1o Junca","twitter_card":"summary_large_image","twitter_misc":{"Escrito por":"Andres Felipe Avenda\u00f1o Junca","Tiempo de lectura":"3 minutos"},"schema":{"@context":"https:\/\/schema.org","@graph":[{"@type":"Article","@id":"https:\/\/niixer.com\/index.php\/2020\/12\/07\/oppo-planea-tener-un-celular-con-modulos-de-camara-extraibles\/#article","isPartOf":{"@id":"https:\/\/niixer.com\/index.php\/2020\/12\/07\/oppo-planea-tener-un-celular-con-modulos-de-camara-extraibles\/"},"author":{"name":"Andres Felipe Avenda\u00f1o Junca","@id":"https:\/\/niixer.com\/#\/schema\/person\/2b0bafc50f372f80e7f3cd6d990128cf"},"headline":"Oppo planea tener un celular con m\u00f3dulos de c\u00e1mara extra\u00edbles","datePublished":"2020-12-07T21:56:04+00:00","dateModified":"2020-12-07T21:59:26+00:00","mainEntityOfPage":{"@id":"https:\/\/niixer.com\/index.php\/2020\/12\/07\/oppo-planea-tener-un-celular-con-modulos-de-camara-extraibles\/"},"wordCount":578,"commentCount":0,"publisher":{"@id":"https:\/\/niixer.com\/#organization"},"image":{"@id":"https:\/\/niixer.com\/index.php\/2020\/12\/07\/oppo-planea-tener-un-celular-con-modulos-de-camara-extraibles\/#primaryimage"},"thumbnailUrl":"https:\/\/niixer.com\/wp-content\/uploads\/2020\/12\/209oppocmarasextrables_2_original.jpg","keywords":["Camaras","Celular","fotografias","Innov","Smartphone","tecnolog\u00eda"],"articleSection":["Innovaci\u00f3n","Smartphones"],"inLanguage":"es","potentialAction":[{"@type":"CommentAction","name":"Comment","target":["https:\/\/niixer.com\/index.php\/2020\/12\/07\/oppo-planea-tener-un-celular-con-modulos-de-camara-extraibles\/#respond"]}]},{"@type":"WebPage","@id":"https:\/\/niixer.com\/index.php\/2020\/12\/07\/oppo-planea-tener-un-celular-con-modulos-de-camara-extraibles\/","url":"https:\/\/niixer.com\/index.php\/2020\/12\/07\/oppo-planea-tener-un-celular-con-modulos-de-camara-extraibles\/","name":"Oppo planea tener un celular con m\u00f3dulos de c\u00e1mara extra\u00edbles","isPartOf":{"@id":"https:\/\/niixer.com\/#website"},"primaryImageOfPage":{"@id":"https:\/\/niixer.com\/index.php\/2020\/12\/07\/oppo-planea-tener-un-celular-con-modulos-de-camara-extraibles\/#primaryimage"},"image":{"@id":"https:\/\/niixer.com\/index.php\/2020\/12\/07\/oppo-planea-tener-un-celular-con-modulos-de-camara-extraibles\/#primaryimage"},"thumbnailUrl":"https:\/\/niixer.com\/wp-content\/uploads\/2020\/12\/209oppocmarasextrables_2_original.jpg","datePublished":"2020-12-07T21:56:04+00:00","dateModified":"2020-12-07T21:59:26+00:00","description":"Esto no es cualquier casualidad, o una locura impensada, Oppo y otras marcas han querido tener estas c\u00e1maras extre\u00edbles desde hace mucho.","breadcrumb":{"@id":"https:\/\/niixer.com\/index.php\/2020\/12\/07\/oppo-planea-tener-un-celular-con-modulos-de-camara-extraibles\/#breadcrumb"},"inLanguage":"es","potentialAction":[{"@type":"ReadAction","target":["https:\/\/niixer.com\/index.php\/2020\/12\/07\/oppo-planea-tener-un-celular-con-modulos-de-camara-extraibles\/"]}]},{"@type":"ImageObject","inLanguage":"es","@id":"https:\/\/niixer.com\/index.php\/2020\/12\/07\/oppo-planea-tener-un-celular-con-modulos-de-camara-extraibles\/#primaryimage","url":"https:\/\/niixer.com\/wp-content\/uploads\/2020\/12\/209oppocmarasextrables_2_original.jpg","contentUrl":"https:\/\/niixer.com\/wp-content\/uploads\/2020\/12\/209oppocmarasextrables_2_original.jpg","width":800,"height":445,"caption":"C\u00e1maras extra\u00edbles de Oppo"},{"@type":"BreadcrumbList","@id":"https:\/\/niixer.com\/index.php\/2020\/12\/07\/oppo-planea-tener-un-celular-con-modulos-de-camara-extraibles\/#breadcrumb","itemListElement":[{"@type":"ListItem","position":1,"name":"Portada","item":"https:\/\/niixer.com\/"},{"@type":"ListItem","position":2,"name":"Oppo planea tener un celular con m\u00f3dulos de c\u00e1mara extra\u00edbles"}]},{"@type":"WebSite","@id":"https:\/\/niixer.com\/#website","url":"https:\/\/niixer.com\/","name":"Portal de noticias de tecnolog\u00eda, ciencia, Android, iOS, Realidad Virtual, Aumentada y Mixta, Videojuegos, computadores, todo lo mas reciente en tecnolog\u00eda","description":"Portal de noticias de tecnolog\u00eda","publisher":{"@id":"https:\/\/niixer.com\/#organization"},"alternateName":"Niixer","potentialAction":[{"@type":"SearchAction","target":{"@type":"EntryPoint","urlTemplate":"https:\/\/niixer.com\/?s={search_term_string}"},"query-input":{"@type":"PropertyValueSpecification","valueRequired":true,"valueName":"search_term_string"}}],"inLanguage":"es"},{"@type":"Organization","@id":"https:\/\/niixer.com\/#organization","name":"Niixer","alternateName":"Niixer.com","url":"https:\/\/niixer.com\/","logo":{"@type":"ImageObject","inLanguage":"es","@id":"https:\/\/niixer.com\/#\/schema\/logo\/image\/","url":"https:\/\/niixer.com\/wp-content\/uploads\/2022\/08\/logo-niixer-sin-fondo-1.png","contentUrl":"https:\/\/niixer.com\/wp-content\/uploads\/2022\/08\/logo-niixer-sin-fondo-1.png","width":140,"height":140,"caption":"Niixer"},"image":{"@id":"https:\/\/niixer.com\/#\/schema\/logo\/image\/"},"sameAs":["https:\/\/www.facebook.com\/niixer\/","https:\/\/www.instagram.com\/niixer.tecnologia\/"]},{"@type":"Person","@id":"https:\/\/niixer.com\/#\/schema\/person\/2b0bafc50f372f80e7f3cd6d990128cf","name":"Andres Felipe Avenda\u00f1o Junca","image":{"@type":"ImageObject","inLanguage":"es","@id":"https:\/\/secure.gravatar.com\/avatar\/d3c94653178a34488096a3fd0171cacb6b8aeb9e64afdc4ea75959c6fe7b3e6e?s=96&d=mm&r=g","url":"https:\/\/secure.gravatar.com\/avatar\/d3c94653178a34488096a3fd0171cacb6b8aeb9e64afdc4ea75959c6fe7b3e6e?s=96&d=mm&r=g","contentUrl":"https:\/\/secure.gravatar.com\/avatar\/d3c94653178a34488096a3fd0171cacb6b8aeb9e64afdc4ea75959c6fe7b3e6e?s=96&d=mm&r=g","caption":"Andres Felipe Avenda\u00f1o Junca"},"sameAs":["http:\/\/www.niixer.com"],"url":"https:\/\/niixer.com\/index.php\/author\/aavendanoju\/"}]}},"jetpack_featured_media_url":"https:\/\/niixer.com\/wp-content\/uploads\/2020\/12\/209oppocmarasextrables_2_original.jpg","_links":{"self":[{"href":"https:\/\/niixer.com\/index.php\/wp-json\/wp\/v2\/posts\/4938","targetHints":{"allow":["GET"]}}],"collection":[{"href":"https:\/\/niixer.com\/index.php\/wp-json\/wp\/v2\/posts"}],"about":[{"href":"https:\/\/niixer.com\/index.php\/wp-json\/wp\/v2\/types\/post"}],"author":[{"embeddable":true,"href":"https:\/\/niixer.com\/index.php\/wp-json\/wp\/v2\/users\/72"}],"replies":[{"embeddable":true,"href":"https:\/\/niixer.com\/index.php\/wp-json\/wp\/v2\/comments?post=4938"}],"version-history":[{"count":2,"href":"https:\/\/niixer.com\/index.php\/wp-json\/wp\/v2\/posts\/4938\/revisions"}],"predecessor-version":[{"id":4942,"href":"https:\/\/niixer.com\/index.php\/wp-json\/wp\/v2\/posts\/4938\/revisions\/4942"}],"wp:featuredmedia":[{"embeddable":true,"href":"https:\/\/niixer.com\/index.php\/wp-json\/wp\/v2\/media\/4939"}],"wp:attachment":[{"href":"https:\/\/niixer.com\/index.php\/wp-json\/wp\/v2\/media?parent=4938"}],"wp:term":[{"taxonomy":"category","embeddable":true,"href":"https:\/\/niixer.com\/index.php\/wp-json\/wp\/v2\/categories?post=4938"},{"taxonomy":"post_tag","embeddable":true,"href":"https:\/\/niixer.com\/index.php\/wp-json\/wp\/v2\/tags?post=4938"}],"curies":[{"name":"wp","href":"https:\/\/api.w.org\/{rel}","templated":true}]}}