{"id":15136,"date":"2021-09-22T20:09:44","date_gmt":"2021-09-23T01:09:44","guid":{"rendered":"https:\/\/niixer.com\/?p=15136"},"modified":"2021-09-22T23:08:50","modified_gmt":"2021-09-23T04:08:50","slug":"los-prismas-opticos-de-la-luz","status":"publish","type":"post","link":"https:\/\/niixer.com\/index.php\/2021\/09\/22\/los-prismas-opticos-de-la-luz\/","title":{"rendered":"La luz desde los prismas \u00f3pticos"},"content":{"rendered":"\n<p>El prisma \u00f3ptico, tambi\u00e9n conocido como el prisma de Newton es el objeto capaz de refractar, reflejar y descomponer la luz, la cual penetra por una de las caras del prisma y se refracta hasta descomponerse en diferentes colores, debido a que el grado de separaci\u00f3n var\u00eda en funci\u00f3n de la longitud de onda de cada color. Los prismas act\u00faan de este modo gracias a que la luz cambia de velocidad cuando pasa del aire al cristal del prisma. Una vez separados los colores, Newton utiliz\u00f3 un segundo prisma para volver a refractarlos y que formaran de nuevo luz blanca. <\/p>\n\n\n\n<p>Cuando un haz de luz atraviesa un prisma a la misma velocidad, este hace que la luz se ralentice y curva su camino gracias a su poder de refracci\u00f3n, este efecto es mucho m\u00e1s preciso cuando la longitud de onda es corta ya que al salir del prisma, cada uno de los componentes del haz de luz retoma la misma velocidad y se refracta de nuevo.<\/p>\n\n\n\n<p><\/p>\n\n\n\n<h2 class=\"wp-block-heading\"><strong>Un prisma de instrumentos \u00f3pticos&nbsp;&nbsp;<\/strong><\/h2>\n\n\n\n<p>Los seres humanos percibimos las im\u00e1genes de los objetos que nos rodean por medio del <strong><a href=\"https:\/\/es.wikipedia.org\/wiki\/Ojo\">ojo<\/a><\/strong>, pero desde siempre la curiosidad ha sido mayor para poder contemplar objetos lejanos, objetos cercanos, objetos diminutos o los m\u00e1s grandes; para poder satisfacer esta curiosidad, el ser humano se ha valido de instrumentos que han sido usado a lo largo de la historia.<\/p>\n\n\n\n<p>De forma simplificada, podemos afirmar que el ojo humano est\u00e1 constituido por un lente y una superficie fotosensible, donde la luz ingresa en el ojo a trav\u00e9s de la pupila, la cantidad de luz que ingresa en el ojo se controla mediante el iris, el cual varia el tama\u00f1o de la pupila y los m\u00fasculos ciliares controlan la curvatura del cristalino, la retina fotosensible est\u00e1 constituida por los receptores, denominados conos y bastones.<\/p>\n\n\n\n<p><\/p>\n\n\n\n<h3 class=\"wp-block-heading\"><strong>Vistas lejanas \u00f3pticas<\/strong> <\/h3>\n\n\n\n<p>Dentro de los instrumentos <a href=\"https:\/\/niixer.com\/?s=opticos\">\u00f3pticos <\/a>para ver objetos lejanos, podemos encontrar el Sextante, el Catalejo, el Periscopio, los Prism\u00e1ticos, pero, es el Telescopio el instrumento que permite ver objetos lejanos con mayor detalle que a simple vista. Su invenci\u00f3n se encuentra atribuida a Hans Lippershey pero, fue Galileo Galilei quien mostr\u00f3, en 1609 el primer telescopio astron\u00f3mico y que se encontraba construido con lentes, atribuyendo el nombre de telescopio refractor. <\/p>\n\n\n\n<p>El telescopio reflector que llevan un espejo c\u00f3ncavo en lugar de la lente del objetivo, fue construido por Isaac Newton en 1688 que constituy\u00f3 un importante avance sobre los telescopios de su \u00e9poca al corregir f\u00e1cilmente la aberraci\u00f3n crom\u00e1tica, caracter\u00edsticas de los telescopios refractores.<\/p>\n\n\n\n<p><\/p>\n\n\n\n<h3 class=\"wp-block-heading\"><strong>Peque\u00f1os detalles \u00f3pticos<\/strong><\/h3>\n\n\n\n<p>La lupa es un peque\u00f1o instrumento \u00f3ptico, que se utiliza para observar los peque\u00f1os detalles m\u00e1s de cerca y cuando utilizamos este instrumento, la luz antes de llegar a nuestros ojos tiene que atravesar el lente y como su superficie es curva, debido al uso de un lente convergente, los rayos no lo atraviesan en l\u00ednea recta, sino que se desv\u00edan, permitiendo que las im\u00e1genes se vean m\u00e1s grandes.<\/p>\n\n\n\n<p>Otro instrumento usado para observar objetos que son demasiados peque\u00f1os para ser vistos a simple vista, es el microscopio, el cual consta de un \u00fanica lente peque\u00f1o y convexo, el cual se encuentra montado sobre una plancha, con un mecanismo para sujetar el material que se iba a examinar y su origen se remonta al siglo XVII, cuando Anton Van Leeuwenhoek describi\u00f3 por primera vez las bacterias, los espermatozoides y los gl\u00f3bulos rojos utilizando microscopios simples de fabricaci\u00f3n propia.<\/p>\n\n\n\n<p><\/p>\n\n\n\n<h2 class=\"wp-block-heading\"><strong>La luz se refleja o se refracta&nbsp;&nbsp;<\/strong><\/h2>\n\n\n\n<p>La luz es una perturbaci\u00f3n de la longitud de onda en un campo electromagn\u00e9tico en forma de radiaci\u00f3n que se propaga a una velocidad definida capaz de ser percibida por el ojo humano y cuya frecuencia determina su color. Los fen\u00f3menos de la luz son alteraciones que se experimentan al someterse a determinados medios o a determinadas condiciones f\u00edsicas, ya que muchos de ellos son visibles a diario, pero no sabemos bien c\u00f3mo operan.<\/p>\n\n\n\n<p><\/p>\n\n\n\n<h3 class=\"wp-block-heading\"><strong>La reflexi\u00f3n de la luz<\/strong> <\/h3>\n\n\n\n<p>La reflexi\u00f3n de la luz es un fen\u00f3meno f\u00edsico que consiste en el cambio de direcci\u00f3n que experimenta un rayo de luz cuando incide sobre una superficie y de acuerdo a la superficie en que incida el haz luminoso podemos hablar de diferentes clases de reflexi\u00f3n; si nos referimos a que la luz incide en una superficie opaca, pero no pulimentada y que a su vez presenta irregularidades o rugosidades, haciendo que la luz se refleje en distintas direcciones, estar\u00edamos hablando de una reflexi\u00f3n difusa o irregular y gracias a este tipo de reflexi\u00f3n es posible percatarse de la existencia de luz en alg\u00fan lugar. <\/p>\n\n\n\n<p>Si hablamos que la luz incide en superficies pulimentadas como los espejos, estamos hablando de una reflexi\u00f3n especular o regular&nbsp; y en ellos la reflexi\u00f3n se produce en una sola direcci\u00f3n y gracias a ello es posible formar im\u00e1genes cuando un haz o conjunto de rayos paralelos incide sobre esta obedeciendo a la ley de reflexi\u00f3n por lo que \u00e1ngulo de incidencia de los rayos es igual al \u00e1ngulo de reflexi\u00f3n.<\/p>\n\n\n\n<h3 class=\"wp-block-heading\"><strong>Las leyes de la reflexi\u00f3n de la luz<\/strong><\/h3>\n\n\n\n<figure class=\"wp-block-image size-large\"><img loading=\"lazy\" decoding=\"async\" width=\"1024\" height=\"597\" src=\"https:\/\/niixer.com\/wp-content\/uploads\/2021\/09\/reflexion-de-la-luz-1024x597.jpg\" alt=\"\" class=\"wp-image-15152\" srcset=\"https:\/\/niixer.com\/wp-content\/uploads\/2021\/09\/reflexion-de-la-luz-1024x597.jpg 1024w, https:\/\/niixer.com\/wp-content\/uploads\/2021\/09\/reflexion-de-la-luz-300x175.jpg 300w, https:\/\/niixer.com\/wp-content\/uploads\/2021\/09\/reflexion-de-la-luz-768x448.jpg 768w, https:\/\/niixer.com\/wp-content\/uploads\/2021\/09\/reflexion-de-la-luz.jpg 1200w\" sizes=\"auto, (max-width: 1024px) 100vw, 1024px\" \/><figcaption>Leyes de la reflexi\u00f3n de la luz.<\/figcaption><\/figure>\n\n\n\n<p>Las leyes de la reflexi\u00f3n de la luz explican la propagaci\u00f3n del rayo de luz cuando se devuelve. Existen dos leyes:<\/p>\n\n\n\n<ul class=\"wp-block-list\"><li><strong>Primera ley:<\/strong> el rayo incidente, la normal a la superficie de incidencia y el rayo reflejado est\u00e1n en el mismo plano.<\/li><li><strong>Segunda ley:<\/strong> el \u00e1ngulo de incidencia \u03b1 y el \u00e1ngulo de reflexi\u00f3n \u03b2 son iguales. Si el \u00e1ngulo de incidencia es igual a 30 \u00b0C, el \u00e1ngulo de reflexi\u00f3n es igual a 30 \u00b0C. Si la luz incide perpendicularmente, el \u00e1ngulo de incidencia y el \u00e1ngulo de reflexi\u00f3n son iguales a 0 \u00b0C, por lo que la luz ser\u00e1 reflejada invirtiendo el sentido de la propagaci\u00f3n.<\/li><\/ul>\n\n\n\n<p><\/p>\n\n\n\n<h4 class=\"wp-block-heading\"><strong>La refracci\u00f3n de la luz <\/strong><\/h4>\n\n\n\n<p>La refracci\u00f3n de la luz se presenta cuando la luz pasa de un medio a otro. Es el fen\u00f3meno que explica por qu\u00e9 un objeto recto se ve doblado cuando lo introducimos en agua. El rayo de luz se desv\u00eda al pasar a un medio diferente del que procede.<\/p>\n\n\n\n<figure class=\"wp-block-image size-large\"><img loading=\"lazy\" decoding=\"async\" width=\"1024\" height=\"597\" src=\"https:\/\/niixer.com\/wp-content\/uploads\/2021\/09\/refraccion-de-la-luz-1024x597.jpg\" alt=\"\" class=\"wp-image-15149\" srcset=\"https:\/\/niixer.com\/wp-content\/uploads\/2021\/09\/refraccion-de-la-luz-1024x597.jpg 1024w, https:\/\/niixer.com\/wp-content\/uploads\/2021\/09\/refraccion-de-la-luz-300x175.jpg 300w, https:\/\/niixer.com\/wp-content\/uploads\/2021\/09\/refraccion-de-la-luz-768x448.jpg 768w, https:\/\/niixer.com\/wp-content\/uploads\/2021\/09\/refraccion-de-la-luz.jpg 1200w\" sizes=\"auto, (max-width: 1024px) 100vw, 1024px\" \/><figcaption>Leyes de la refracci\u00f3n de la luz.<\/figcaption><\/figure>\n\n\n\n<p>Las leyes de la refracci\u00f3n explican c\u00f3mo se produce este fen\u00f3meno y fue el f\u00edsico y matem\u00e1tico Christiaan Huygens quien dedujo estas leyes que se resumen en:<\/p>\n\n\n\n<ul class=\"wp-block-list\"><li><strong>Primera ley:<\/strong> el rayo incidente en la superficie de separaci\u00f3n de dos medios, la normal a la superficie en el punto de incidencia y el rayo refractado est\u00e1n en el mismo plano.<\/li><li><strong>Segunda ley:<\/strong> los \u00edndices de refracci\u00f3n n1 y n2, el \u00e1ngulo de incidencia \u03b11 y el \u00e1ngulo de refracci\u00f3n \u03b12 se relacionan por la siguiente expresi\u00f3n:                          <strong>n1*sen (\u03b12 ) = n2*sen (\u03b12)<\/strong> <\/li><\/ul>\n\n\n\n<p>Cuando la luz incide perpendicularmente (\u00e1ngulo de incidencia igual a 0) no hay desv\u00edo de la luz, es decir, el rayo incidente sigue su trayectoria lineal.<\/p>\n\n\n\n<p>Ahora bien, queremos compartir la informaci\u00f3n m\u00e1s pertinente sobre la f\u00edsica de la luz, Snell y los lentes en forma de infograf\u00eda.<\/p>\n\n\n\n<div class=\"wp-block-columns is-layout-flex wp-container-core-columns-is-layout-28f84493 wp-block-columns-is-layout-flex\">\n<div class=\"wp-block-column is-layout-flow wp-block-column-is-layout-flow\" style=\"flex-basis:100%\">\n<div class=\"wp-block-columns is-layout-flex wp-container-core-columns-is-layout-28f84493 wp-block-columns-is-layout-flex\">\n<div class=\"wp-block-column is-layout-flow wp-block-column-is-layout-flow\" style=\"flex-basis:100%\">\n<div class=\"wp-block-group is-layout-flow wp-block-group-is-layout-flow\">\n<div class=\"wp-block-group is-layout-flow wp-block-group-is-layout-flow\">\n<figure class=\"wp-block-image size-large is-resized\"><img loading=\"lazy\" decoding=\"async\" src=\"https:\/\/niixer.com\/wp-content\/uploads\/2021\/09\/Infografia-1-1-410x1024.jpg\" alt=\"\" class=\"wp-image-15182\" width=\"851\" height=\"2126\" srcset=\"https:\/\/niixer.com\/wp-content\/uploads\/2021\/09\/Infografia-1-1-410x1024.jpg 410w, https:\/\/niixer.com\/wp-content\/uploads\/2021\/09\/Infografia-1-1-120x300.jpg 120w, https:\/\/niixer.com\/wp-content\/uploads\/2021\/09\/Infografia-1-1-768x1920.jpg 768w\" sizes=\"auto, (max-width: 851px) 100vw, 851px\" \/><\/figure>\n\n\n\n<figure class=\"wp-block-image size-large is-resized\"><img loading=\"lazy\" decoding=\"async\" src=\"https:\/\/niixer.com\/wp-content\/uploads\/2021\/09\/Infografia-2-1-410x1024.jpg\" alt=\"\" class=\"wp-image-15183\" width=\"848\" height=\"2119\" srcset=\"https:\/\/niixer.com\/wp-content\/uploads\/2021\/09\/Infografia-2-1-410x1024.jpg 410w, https:\/\/niixer.com\/wp-content\/uploads\/2021\/09\/Infografia-2-1-120x300.jpg 120w, https:\/\/niixer.com\/wp-content\/uploads\/2021\/09\/Infografia-2-1-768x1920.jpg 768w, https:\/\/niixer.com\/wp-content\/uploads\/2021\/09\/Infografia-2-1-819x2048.jpg 819w, https:\/\/niixer.com\/wp-content\/uploads\/2021\/09\/Infografia-2-1-scaled.jpg 1024w\" sizes=\"auto, (max-width: 848px) 100vw, 848px\" \/><\/figure>\n<\/div>\n<\/div>\n<\/div>\n<\/div>\n<\/div>\n<\/div>\n\n\n\n<p><strong>Autor: <\/strong>Ra\u00fal David Pe\u00f1a Pedraza \u2013 Juan Carlos Talero S\u00e1nchez.<\/p>\n\n\n\n<p><strong>Editor: <\/strong>Carlos Iv\u00e1n Pinz\u00f3n Romero.<\/p>\n\n\n\n<p><strong>C\u00f3digo: <\/strong>UCCG-102\/82.<\/p>\n\n\n\n<p><strong>Universidad: <\/strong><a href=\"http:\/\/www.ucentral.edu.co\">Universidad Central<\/a>.<\/p>\n\n\n\n<p><strong>Fuentes:<\/strong><\/p>\n\n\n\n<p>Avanzada, \u00c1. O. (2020). <em>Prisma \u00f3ptico<\/em> [Imagen]. \u00c1rea Oftalmol\u00f3gica Avanzada. <a href=\"https:\/\/areaoftalmologica.com\/wp-content\/uploads\/prisma-optico.jpg\">https:\/\/areaoftalmologica.com\/wp-content\/uploads\/prisma-optico.jpg<\/a><\/p>\n\n\n\n<p>Bel\u00e9ndes, A. (2008). <em>La unificaci\u00f3n de luz, electricidad y magnetismo: la \u201cs\u00edntesis<\/em> <em>electromagn\u00e9tica\u201d de Maxwell<\/em>. Universidad de Alicante. <a href=\"https:\/\/www.scielo.br\/j\/rbef\/a\/jfcMcZXBb3dvkCrNzyVmVgP\/?format=pdf&amp;lang=es\">https:\/\/www.scielo.br\/j\/rbef\/a\/jfcMcZXBb3dvkCrNzyVmVgP\/?format=pdf&amp;lang=es<\/a><\/p>\n\n\n\n<p>Del Mazo Vivar, A., Velasco Ma\u00edllo, S., &amp; Garc\u00eda-Molina, R. (2020). Recomposici\u00f3n de un rayo de luz blanca descompuesto por un prisma. <em>Revista Eureka sobre Ense\u00f1anza y Divulgaci\u00f3n de las Ciencias<\/em>, <em>17<\/em>(3), 1\u20139. <a href=\"https:\/\/doi.org\/10.25267\/rev_eureka_ensen_divulg_cienc.2020.v17.i3.3402\">https:\/\/doi.org\/10.25267\/rev_eureka_ensen_divulg_cienc.2020.v17.i3.3402<\/a><\/p>\n\n\n\n<p>G\u00f3mez, E. (2006). <em>Gu\u00eda b\u00e1sica de \u00f3ptica geom\u00e9trica<\/em>. Universidad de Sevilla. <a href=\"http:\/\/laplace.us.es\/campos\/optica\/general\/opt-guia1.pdf\">http:\/\/laplace.us.es\/campos\/optica\/general\/opt-guia1.pdf<\/a><\/p>\n\n\n\n<p>Jim\u00e9nez, N. C. (2019). <em>Reflexi\u00f3n de la luz.<\/em> Cursos Online Web. <a href=\"https:\/\/cursosonlineweb.com\/reflexion_de_la_luz.html\">https:\/\/cursosonlineweb.com\/reflexion_de_la_luz.html<\/a><\/p>\n\n\n\n<p>L\u00f3pez Figueroa, A. D. (2019). <em>Aprendizaje significativo en la ense\u00f1anza de los fen\u00f3menos de reflexi\u00f3n y refracci\u00f3n de la luz desde una estrategia did\u00e1ctica mediada por actividades experimentales<\/em>. [Trabajo de investigaci\u00f3n, Maestr\u00eda, Universidad Nacional de Colombia, sede Medell\u00edn]. Repositorio Institucional &#8211; Universidad Nacional de Colombia. <a href=\"https:\/\/repositorio.unal.edu.co\/handle\/unal\/69639\">https:\/\/repositorio.unal.edu.co\/handle\/unal\/69639<\/a><\/p>\n\n\n\n<p>Montalvano, C. (2010). <em>\u00d3ptica<\/em>. Universidad Nacional Aut\u00f3noma de M\u00e9xico. <a href=\"http:\/\/bct.facmed.unam.mx\/wp-content\/uploads\/2018\/08\/1_optica.pdf\">http:\/\/bct.facmed.unam.mx\/wp-content\/uploads\/2018\/08\/1_optica.pdf<\/a><\/p>\n\n\n\n<p>Ruiz, D. P\u00e9rez, Y. Montiel, L. (2018). <em>Seminario de graduaci\u00f3n para optar al t\u00edtulo de licenciado en F\u00edsica-Matem\u00e1tica<\/em>. Universidad Nacional Aut\u00f3noma de Nicaragua.  <\/p>\n\n\n\n<p>Tom\u00e9, C. (2019). <em>Reflexi\u00f3n y refracci\u00f3n de la luz<\/em>. Cuaderno de Cultura Cient\u00ed\u00adfica. <a href=\"https:\/\/culturacientifica.com\/2019\/03\/12\/reflexion-y-refraccion-de-la-luz\/\">https:\/\/culturacientifica.com\/2019\/03\/12\/reflexion-y-refraccion-de-la-luz\/<\/a><\/p>\n","protected":false},"excerpt":{"rendered":"<p>El prisma \u00f3ptico, tambi\u00e9n conocido como el prisma de Newton es el objeto capaz de refractar, reflejar y descomponer la luz, la cual penetra por una de las caras del prisma y se refracta hasta descomponerse en diferentes colores, debido a que el grado de separaci\u00f3n var\u00eda en funci\u00f3n deSeguir Leyendo<\/p>\n","protected":false},"author":104,"featured_media":15151,"comment_status":"open","ping_status":"open","sticky":false,"template":"","format":"standard","meta":{"colormag_page_container_layout":"default_layout","colormag_page_sidebar_layout":"default_layout","footnotes":""},"categories":[46],"tags":[1607,1150,1604,1614,1498],"class_list":["post-15136","post","type-post","status-publish","format-standard","has-post-thumbnail","hentry","category-ciencia","tag-ojo","tag-optica","tag-prisma","tag-reflexion-de-luz","tag-refraccion-de-luz"],"yoast_head":"<!-- This site is optimized with the Yoast SEO plugin v27.2 - https:\/\/yoast.com\/product\/yoast-seo-wordpress\/ -->\n<title>La luz desde los prismas \u00f3pticos &#8211; Niixer &#8211; Los prismas \u00f3pticos de la luz<\/title>\n<meta name=\"description\" content=\"La luz fue estudiada inicialmente por los fil\u00f3sofos griegos entre los siglos XVII y XVIII se ten\u00edan opiniones divididas entre la teor\u00edas\" \/>\n<meta name=\"robots\" content=\"index, follow, max-snippet:-1, max-image-preview:large, max-video-preview:-1\" \/>\n<link rel=\"canonical\" href=\"https:\/\/niixer.com\/index.php\/2021\/09\/22\/los-prismas-opticos-de-la-luz\/\" \/>\n<meta property=\"og:locale\" content=\"es_ES\" \/>\n<meta property=\"og:type\" content=\"article\" \/>\n<meta property=\"og:title\" content=\"La luz desde los prismas \u00f3pticos &#8211; Niixer &#8211; Los prismas \u00f3pticos de la luz\" \/>\n<meta property=\"og:description\" content=\"La luz fue estudiada inicialmente por los fil\u00f3sofos griegos entre los siglos XVII y XVIII se ten\u00edan opiniones divididas entre la teor\u00edas\" \/>\n<meta property=\"og:url\" content=\"https:\/\/niixer.com\/index.php\/2021\/09\/22\/los-prismas-opticos-de-la-luz\/\" \/>\n<meta property=\"og:site_name\" content=\"Portal de noticias de tecnolog\u00eda, Realidad Virtual, Aumentada y Mixta, Videojuegos\" \/>\n<meta property=\"article:publisher\" content=\"https:\/\/www.facebook.com\/niixer\/\" \/>\n<meta property=\"article:published_time\" content=\"2021-09-23T01:09:44+00:00\" \/>\n<meta property=\"article:modified_time\" content=\"2021-09-23T04:08:50+00:00\" \/>\n<meta property=\"og:image\" content=\"https:\/\/niixer.com\/wp-content\/uploads\/2021\/09\/portada-prisma.jpg\" \/>\n\t<meta property=\"og:image:width\" content=\"1200\" \/>\n\t<meta property=\"og:image:height\" content=\"700\" \/>\n\t<meta property=\"og:image:type\" content=\"image\/jpeg\" \/>\n<meta name=\"author\" content=\"Juan Carlos Talero Sanchez\" \/>\n<meta name=\"twitter:card\" content=\"summary_large_image\" \/>\n<meta name=\"twitter:label1\" content=\"Escrito por\" \/>\n\t<meta name=\"twitter:data1\" content=\"Juan Carlos Talero Sanchez\" \/>\n\t<meta name=\"twitter:label2\" content=\"Tiempo de lectura\" \/>\n\t<meta name=\"twitter:data2\" content=\"7 minutos\" \/>\n<!-- \/ Yoast SEO plugin. -->","yoast_head_json":{"title":"La luz desde los prismas \u00f3pticos &#8211; Niixer &#8211; Los prismas \u00f3pticos de la luz","description":"La luz fue estudiada inicialmente por los fil\u00f3sofos griegos entre los siglos XVII y XVIII se ten\u00edan opiniones divididas entre la teor\u00edas","robots":{"index":"index","follow":"follow","max-snippet":"max-snippet:-1","max-image-preview":"max-image-preview:large","max-video-preview":"max-video-preview:-1"},"canonical":"https:\/\/niixer.com\/index.php\/2021\/09\/22\/los-prismas-opticos-de-la-luz\/","og_locale":"es_ES","og_type":"article","og_title":"La luz desde los prismas \u00f3pticos &#8211; Niixer &#8211; Los prismas \u00f3pticos de la luz","og_description":"La luz fue estudiada inicialmente por los fil\u00f3sofos griegos entre los siglos XVII y XVIII se ten\u00edan opiniones divididas entre la teor\u00edas","og_url":"https:\/\/niixer.com\/index.php\/2021\/09\/22\/los-prismas-opticos-de-la-luz\/","og_site_name":"Portal de noticias de tecnolog\u00eda, Realidad Virtual, Aumentada y Mixta, Videojuegos","article_publisher":"https:\/\/www.facebook.com\/niixer\/","article_published_time":"2021-09-23T01:09:44+00:00","article_modified_time":"2021-09-23T04:08:50+00:00","og_image":[{"width":1200,"height":700,"url":"https:\/\/niixer.com\/wp-content\/uploads\/2021\/09\/portada-prisma.jpg","type":"image\/jpeg"}],"author":"Juan Carlos Talero Sanchez","twitter_card":"summary_large_image","twitter_misc":{"Escrito por":"Juan Carlos Talero Sanchez","Tiempo de lectura":"7 minutos"},"schema":{"@context":"https:\/\/schema.org","@graph":[{"@type":"Article","@id":"https:\/\/niixer.com\/index.php\/2021\/09\/22\/los-prismas-opticos-de-la-luz\/#article","isPartOf":{"@id":"https:\/\/niixer.com\/index.php\/2021\/09\/22\/los-prismas-opticos-de-la-luz\/"},"author":{"name":"Juan Carlos Talero Sanchez","@id":"https:\/\/niixer.com\/#\/schema\/person\/06b49f1f1c4bbcad5b01e8d1a049f78d"},"headline":"La luz desde los prismas \u00f3pticos","datePublished":"2021-09-23T01:09:44+00:00","dateModified":"2021-09-23T04:08:50+00:00","mainEntityOfPage":{"@id":"https:\/\/niixer.com\/index.php\/2021\/09\/22\/los-prismas-opticos-de-la-luz\/"},"wordCount":1530,"commentCount":0,"publisher":{"@id":"https:\/\/niixer.com\/#organization"},"image":{"@id":"https:\/\/niixer.com\/index.php\/2021\/09\/22\/los-prismas-opticos-de-la-luz\/#primaryimage"},"thumbnailUrl":"https:\/\/niixer.com\/wp-content\/uploads\/2021\/09\/portada-prisma.jpg","keywords":["Ojo","optica","Prisma","reflexi\u00f3n de luz","Refracci\u00f3n de luz"],"articleSection":["Ciencia"],"inLanguage":"es","potentialAction":[{"@type":"CommentAction","name":"Comment","target":["https:\/\/niixer.com\/index.php\/2021\/09\/22\/los-prismas-opticos-de-la-luz\/#respond"]}]},{"@type":"WebPage","@id":"https:\/\/niixer.com\/index.php\/2021\/09\/22\/los-prismas-opticos-de-la-luz\/","url":"https:\/\/niixer.com\/index.php\/2021\/09\/22\/los-prismas-opticos-de-la-luz\/","name":"La luz desde los prismas \u00f3pticos &#8211; Niixer &#8211; Los prismas \u00f3pticos de la luz","isPartOf":{"@id":"https:\/\/niixer.com\/#website"},"primaryImageOfPage":{"@id":"https:\/\/niixer.com\/index.php\/2021\/09\/22\/los-prismas-opticos-de-la-luz\/#primaryimage"},"image":{"@id":"https:\/\/niixer.com\/index.php\/2021\/09\/22\/los-prismas-opticos-de-la-luz\/#primaryimage"},"thumbnailUrl":"https:\/\/niixer.com\/wp-content\/uploads\/2021\/09\/portada-prisma.jpg","datePublished":"2021-09-23T01:09:44+00:00","dateModified":"2021-09-23T04:08:50+00:00","description":"La luz fue estudiada inicialmente por los fil\u00f3sofos griegos entre los siglos XVII y XVIII se ten\u00edan opiniones divididas entre la teor\u00edas","breadcrumb":{"@id":"https:\/\/niixer.com\/index.php\/2021\/09\/22\/los-prismas-opticos-de-la-luz\/#breadcrumb"},"inLanguage":"es","potentialAction":[{"@type":"ReadAction","target":["https:\/\/niixer.com\/index.php\/2021\/09\/22\/los-prismas-opticos-de-la-luz\/"]}]},{"@type":"ImageObject","inLanguage":"es","@id":"https:\/\/niixer.com\/index.php\/2021\/09\/22\/los-prismas-opticos-de-la-luz\/#primaryimage","url":"https:\/\/niixer.com\/wp-content\/uploads\/2021\/09\/portada-prisma.jpg","contentUrl":"https:\/\/niixer.com\/wp-content\/uploads\/2021\/09\/portada-prisma.jpg","width":1200,"height":700,"caption":"prisma \u00f3ptico"},{"@type":"BreadcrumbList","@id":"https:\/\/niixer.com\/index.php\/2021\/09\/22\/los-prismas-opticos-de-la-luz\/#breadcrumb","itemListElement":[{"@type":"ListItem","position":1,"name":"Portada","item":"https:\/\/niixer.com\/"},{"@type":"ListItem","position":2,"name":"La luz desde los prismas \u00f3pticos"}]},{"@type":"WebSite","@id":"https:\/\/niixer.com\/#website","url":"https:\/\/niixer.com\/","name":"Portal de noticias de tecnolog\u00eda, ciencia, Android, iOS, Realidad Virtual, Aumentada y Mixta, Videojuegos, computadores, todo lo mas reciente en tecnolog\u00eda","description":"Portal de noticias de tecnolog\u00eda","publisher":{"@id":"https:\/\/niixer.com\/#organization"},"alternateName":"Niixer","potentialAction":[{"@type":"SearchAction","target":{"@type":"EntryPoint","urlTemplate":"https:\/\/niixer.com\/?s={search_term_string}"},"query-input":{"@type":"PropertyValueSpecification","valueRequired":true,"valueName":"search_term_string"}}],"inLanguage":"es"},{"@type":"Organization","@id":"https:\/\/niixer.com\/#organization","name":"Niixer","alternateName":"Niixer.com","url":"https:\/\/niixer.com\/","logo":{"@type":"ImageObject","inLanguage":"es","@id":"https:\/\/niixer.com\/#\/schema\/logo\/image\/","url":"https:\/\/niixer.com\/wp-content\/uploads\/2022\/08\/logo-niixer-sin-fondo-1.png","contentUrl":"https:\/\/niixer.com\/wp-content\/uploads\/2022\/08\/logo-niixer-sin-fondo-1.png","width":140,"height":140,"caption":"Niixer"},"image":{"@id":"https:\/\/niixer.com\/#\/schema\/logo\/image\/"},"sameAs":["https:\/\/www.facebook.com\/niixer\/","https:\/\/www.instagram.com\/niixer.tecnologia\/"]},{"@type":"Person","@id":"https:\/\/niixer.com\/#\/schema\/person\/06b49f1f1c4bbcad5b01e8d1a049f78d","name":"Juan Carlos Talero Sanchez","image":{"@type":"ImageObject","inLanguage":"es","@id":"https:\/\/secure.gravatar.com\/avatar\/26443e3c2a5c827b6f3817646bd07b2e8f2c1b8a2c29e064c918f0a176e32552?s=96&d=mm&r=g","url":"https:\/\/secure.gravatar.com\/avatar\/26443e3c2a5c827b6f3817646bd07b2e8f2c1b8a2c29e064c918f0a176e32552?s=96&d=mm&r=g","contentUrl":"https:\/\/secure.gravatar.com\/avatar\/26443e3c2a5c827b6f3817646bd07b2e8f2c1b8a2c29e064c918f0a176e32552?s=96&d=mm&r=g","caption":"Juan Carlos Talero Sanchez"},"url":"https:\/\/niixer.com\/index.php\/author\/jtaleros\/"}]}},"jetpack_featured_media_url":"https:\/\/niixer.com\/wp-content\/uploads\/2021\/09\/portada-prisma.jpg","_links":{"self":[{"href":"https:\/\/niixer.com\/index.php\/wp-json\/wp\/v2\/posts\/15136","targetHints":{"allow":["GET"]}}],"collection":[{"href":"https:\/\/niixer.com\/index.php\/wp-json\/wp\/v2\/posts"}],"about":[{"href":"https:\/\/niixer.com\/index.php\/wp-json\/wp\/v2\/types\/post"}],"author":[{"embeddable":true,"href":"https:\/\/niixer.com\/index.php\/wp-json\/wp\/v2\/users\/104"}],"replies":[{"embeddable":true,"href":"https:\/\/niixer.com\/index.php\/wp-json\/wp\/v2\/comments?post=15136"}],"version-history":[{"count":24,"href":"https:\/\/niixer.com\/index.php\/wp-json\/wp\/v2\/posts\/15136\/revisions"}],"predecessor-version":[{"id":15247,"href":"https:\/\/niixer.com\/index.php\/wp-json\/wp\/v2\/posts\/15136\/revisions\/15247"}],"wp:featuredmedia":[{"embeddable":true,"href":"https:\/\/niixer.com\/index.php\/wp-json\/wp\/v2\/media\/15151"}],"wp:attachment":[{"href":"https:\/\/niixer.com\/index.php\/wp-json\/wp\/v2\/media?parent=15136"}],"wp:term":[{"taxonomy":"category","embeddable":true,"href":"https:\/\/niixer.com\/index.php\/wp-json\/wp\/v2\/categories?post=15136"},{"taxonomy":"post_tag","embeddable":true,"href":"https:\/\/niixer.com\/index.php\/wp-json\/wp\/v2\/tags?post=15136"}],"curies":[{"name":"wp","href":"https:\/\/api.w.org\/{rel}","templated":true}]}}